{"id":35,"date":"2019-01-18T22:43:30","date_gmt":"2019-01-18T21:43:30","guid":{"rendered":"http:\/\/liraisonner.fr\/?p=35"},"modified":"2020-03-02T13:49:55","modified_gmt":"2020-03-02T12:49:55","slug":"faire-leconomie-de-la-haine-essais-sur-la-censure-alain-deneault","status":"publish","type":"post","link":"https:\/\/liraisonner.fr\/index.php\/2019\/01\/18\/faire-leconomie-de-la-haine-essais-sur-la-censure-alain-deneault\/","title":{"rendered":"Faire l&rsquo;\u00e9conomie de la haine. Essais sur la censure. Alain Deneault"},"content":{"rendered":"\n<div class=\"wp-block-image\"><figure class=\"aligncenter is-resized\"><img loading=\"lazy\" src=\"http:\/\/liraisonner.fr\/wp-content\/uploads\/2019\/01\/alain_deneault_eh-e1547844673105-768x1024.jpg\" alt=\"\" class=\"wp-image-36\" width=\"373\" height=\"497\" srcset=\"https:\/\/liraisonner.fr\/wp-content\/uploads\/2019\/01\/alain_deneault_eh-e1547844673105-768x1024.jpg 768w, https:\/\/liraisonner.fr\/wp-content\/uploads\/2019\/01\/alain_deneault_eh-e1547844673105-225x300.jpg 225w\" sizes=\"(max-width: 373px) 100vw, 373px\" \/><figcaption>Faire l&rsquo;\u00e9conomie de la haine. Essais sur la censure. Alain Deneault \u00e9d. : \u00e9cosoci\u00e9t\u00e9. <\/figcaption><\/figure><\/div>\n\n\n\n<p>Auteur, philosophe, d\u00e9couvert totalement par hasard \u00e0 la suite d\u2019une interview paru sur le site de M\u00e9diapart[<a href=\"https:\/\/www.mediapart.fr\/journal\/economie\/100518\/alain-deneault-denonce-la-censure-douce-qui-nourrit-le-capitalisme-contemporain?onglet=full\">1<\/a>]. Je suis tr\u00e8s contente d\u2019avoir lu ces essais. <\/p>\n\n\n\n<h2>La censure, l&rsquo;auto-censure<\/h2>\n\n\n\n<p>Tout d&rsquo;abord, beaucoup de choses \u00e0 dire sur ce livre apr\u00e8s la lecture de celui-ci. Le th\u00e8me central du livre est la censure. Au fil de la lecture des essais, on se rend compte que la plupart des personnes se censurent elle-m\u00eame. Au final, cela arrange bien les puissants au pouvoir.<\/p>\n\n\n\n<!--more-->\n\n\n\n<h2>Multinationales p\u00e9troli\u00e8res et mini\u00e8res<\/h2>\n\n\n\n<p>Il d\u00e9veloppe aussi la puissance des multinationales, notamment p\u00e9troli\u00e8res et mini\u00e8res, j\u2019ai vraiment le sentiment que les multinationales sont \u00e9quivalentes \u00e0 des \u00e9tats voire se sentent sup\u00e9rieures. Elles [les multinationales p\u00e9troli\u00e8res et mini\u00e8res] tiennent un discours empreint d&rsquo;un racisme postcolonial (se reporter dans le livre \u00e0 l\u2019essai sur <em>Le g\u00e9nocide industriel<\/em>) qui infantilise les locaux sur place en se faisant passer pour des sauveurs&#8230; Il revient \u00e9galement sur leur possibilit\u00e9 d\u2019employer des mercenaires pour parvenir \u00e0 leur fin, en particulier, l&rsquo;acc\u00e8s au contr\u00f4le des ressources.  De mani\u00e8re g\u00e9n\u00e9rale, le th\u00e8me des multinationales bas\u00e9es sur des ressources est tr\u00e8s pr\u00e9sent dans le travail de cet auteur. <\/p>\n\n\n\n<h2>Expertise, id\u00e9ologie<\/h2>\n\n\n\n<p>J&rsquo;aimerai revenir sur un passage du livre qui m&rsquo;a interpell\u00e9 et qui est le suivant :<\/p>\n\n\n\n<blockquote class=\"wp-block-quote\"><p> \u00ab&nbsp;[\u2026] les conditions historiques et sociales qui d\u00e9terminent la pens\u00e9e&nbsp;\u00bb<\/p><cite>Alain Deneault, en parlant de la d\u00e9marche de Horkheimer.<\/cite><\/blockquote>\n\n\n\n<p> En discutant avec diff\u00e9rentes personnes sur des questions d\u2019ordre politique par exemple, j\u2019ai remarqu\u00e9 que les gens ont des r\u00e9ponses toutes faites m\u00eame en se d\u00e9clarant comme non sp\u00e9cialiste du sujet. Cela me renvoie quelque part \u00e0 une forme de censure voire m\u00eame d&rsquo;auto-censure puisque les personnes partent du principe qu&rsquo;elles sont moins l\u00e9gitimes \u00e0 se prononcer sur un sujet compar\u00e9 aux experts. <\/p>\n\n\n\n<p>Par exemple, lors d&rsquo;une discussion autour de th\u00e8mes assez classiques tels que les aides sociales ou les ch\u00f4meurs en France, les premi\u00e8res r\u00e9ponses donn\u00e9es concernent finalement la fraude, le manque de volont\u00e9 de s\u2019en sortir, l&rsquo;assistanat etc. Exit la r\u00e9flexion sur le d\u00e9terminisme social ou la reproduction des classes sociales, pas de mention du pourcentage du nombre de gens qui fraudent, des gens qui ne demandent pas d\u2019aide par peur du jugement (\u00eatre per\u00e7u.e comme un.e profiteuse.eur) ou qui ne sont pas au courant, on oublie aussi la fraude fiscale etc.  Au final, l&rsquo;id\u00e9ologie h\u00e9g\u00e9monique n&rsquo;est jamais tr\u00e8s loin.<\/p>\n\n\n\n<p>Des r\u00e9ponses assez similaires sont entendues lorsqu\u2019on aborde la question de la d\u00e9mocratie en France. Cela se r\u00e9sume \u00e0 mettre des gens comp\u00e9tents (je ne sais pas qui les juge comp\u00e9tent personnellement) au pouvoir \u00e9lus de fa\u00e7on d\u00e9mocratique par le peuple une fois tous les 5 ans. Donc elles\/ils sont les repr\u00e9sentants du peuple. Mais repr\u00e9sentent-elles\/ils vraiment les int\u00e9r\u00eats du peuple&nbsp;?<\/p>\n\n\n\n<h2>Pour finir une citation<\/h2>\n\n\n\n<p>Je ne peux pas citer tout mais je vais mettre un petit extrait de <em>qu\u2019entendre par \u00ab&nbsp;du pain et&nbsp;des jeux&nbsp;\u00bb <\/em>pour terminer :<\/p>\n\n\n\n<blockquote class=\"wp-block-quote\"><p>\u00ab&nbsp;Les puissants du jour y commanditent les adages qu\u2019ils souhaitent promouvoir. Ce seront de la fin du XIXe si\u00e8cle \u00e0 aujourd\u2019hui, le militarisme et l\u2019eug\u00e9nisme, l\u2019esprit d\u2019ob\u00e9issance et le darwinisme social, le nationalisme et le racisme, le culte de la performance et le d\u00e9passement de soi, la r\u00e9ussite individuelle et la mon\u00e9tarisation du succ\u00e8s. Toujours sur la toile de fond du patriarcat.&nbsp;\u00bb<\/p><cite> <em>qu\u2019entendre par \u00ab&nbsp;du pain et&nbsp;des jeux&nbsp;\u00bb<\/em> , dans Faire l&rsquo;\u00e9conomie de la Haine de Alain Deneault<\/cite><\/blockquote>\n\n\n\n<h2>Aux lecteur.rice.s int\u00e9ress\u00e9.e.s :<\/h2>\n\n\n\n<p>Je conseille ce livre \u00e0 ceux qui ont le go\u00fbt des lectures philosophiques et qui souhaitent d\u00e9couvrir d\u2019autres fa\u00e7ons d\u2019observer le monde, d&rsquo;autres concepts. La lecture de ce livre philosophique m\u2019a donn\u00e9 envie de lire d\u2019autres livres de cet auteur&nbsp;: celui sur la m\u00e9diocratie, un autre sur les paradis fiscaux et un dernier sur l\u2019industrie mini\u00e8re ou p\u00e9troli\u00e8re.<\/p>\n\n\n\n<h2>Pour en savoir plus sur l&rsquo;auteur :<\/h2>\n\n\n\n<ul><li>Interview d\u2019Alain Deneault avec Thinkerview sur YouTube (<a href=\"https:\/\/www.youtube.com\/watch?v=IBdj4Z0FtZU\">ici<\/a>)<\/li><\/ul>\n","protected":false},"excerpt":{"rendered":"<p>Auteur, philosophe, d\u00e9couvert totalement par hasard \u00e0 la suite d\u2019une interview paru sur le site de M\u00e9diapart[1]. Je suis tr\u00e8s contente d\u2019avoir lu ces essais. La censure, l&rsquo;auto-censure Tout d&rsquo;abord, beaucoup de choses \u00e0 dire sur ce livre apr\u00e8s la lecture de celui-ci. Le th\u00e8me central du livre est la censure. Au fil de la&hellip; <a class=\"more-link\" href=\"https:\/\/liraisonner.fr\/index.php\/2019\/01\/18\/faire-leconomie-de-la-haine-essais-sur-la-censure-alain-deneault\/\">Poursuivre la lecture <span class=\"screen-reader-text\">Faire l&rsquo;\u00e9conomie de la haine. Essais sur la censure. Alain Deneault<\/span><\/a><\/p>\n","protected":false},"author":2,"featured_media":0,"comment_status":"open","ping_status":"open","sticky":false,"template":"","format":"standard","meta":[],"categories":[4],"tags":[10,9,12,11],"yoast_head":"<!-- This site is optimized with the Yoast SEO plugin v18.2 - https:\/\/yoast.com\/wordpress\/plugins\/seo\/ -->\n<title>Faire l&#039;\u00e9conomie de la haine. Essais sur la censure. Alain Deneault - Lire et Raisonner<\/title>\n<meta name=\"robots\" content=\"index, follow, max-snippet:-1, max-image-preview:large, max-video-preview:-1\" \/>\n<link rel=\"canonical\" href=\"https:\/\/liraisonner.fr\/index.php\/2019\/01\/18\/faire-leconomie-de-la-haine-essais-sur-la-censure-alain-deneault\/\" \/>\n<meta property=\"og:locale\" content=\"fr_FR\" \/>\n<meta property=\"og:type\" content=\"article\" \/>\n<meta property=\"og:title\" content=\"Faire l&#039;\u00e9conomie de la haine. Essais sur la censure. Alain Deneault - Lire et Raisonner\" \/>\n<meta property=\"og:description\" content=\"Auteur, philosophe, d\u00e9couvert totalement par hasard \u00e0 la suite d\u2019une interview paru sur le site de M\u00e9diapart[1]. Je suis tr\u00e8s contente d\u2019avoir lu ces essais. La censure, l&rsquo;auto-censure Tout d&rsquo;abord, beaucoup de choses \u00e0 dire sur ce livre apr\u00e8s la lecture de celui-ci. Le th\u00e8me central du livre est la censure. Au fil de la&hellip; Poursuivre la lecture Faire l&rsquo;\u00e9conomie de la haine. Essais sur la censure. Alain Deneault\" \/>\n<meta property=\"og:url\" content=\"https:\/\/liraisonner.fr\/index.php\/2019\/01\/18\/faire-leconomie-de-la-haine-essais-sur-la-censure-alain-deneault\/\" \/>\n<meta property=\"og:site_name\" content=\"Lire et Raisonner\" \/>\n<meta property=\"article:published_time\" content=\"2019-01-18T21:43:30+00:00\" \/>\n<meta property=\"article:modified_time\" content=\"2020-03-02T12:49:55+00:00\" \/>\n<meta property=\"og:image\" content=\"http:\/\/liraisonner.fr\/wp-content\/uploads\/2019\/01\/alain_deneault_eh-e1547844673105-768x1024.jpg\" \/>\n<meta name=\"twitter:card\" content=\"summary_large_image\" \/>\n<meta name=\"twitter:label1\" content=\"\u00c9crit par\" \/>\n\t<meta name=\"twitter:data1\" content=\"Absynthe\" \/>\n\t<meta name=\"twitter:label2\" content=\"Dur\u00e9e de lecture estim\u00e9e\" \/>\n\t<meta name=\"twitter:data2\" content=\"4 minutes\" \/>\n<script type=\"application\/ld+json\" class=\"yoast-schema-graph\">{\"@context\":\"https:\/\/schema.org\",\"@graph\":[{\"@type\":\"WebSite\",\"@id\":\"https:\/\/liraisonner.fr\/#website\",\"url\":\"https:\/\/liraisonner.fr\/\",\"name\":\"Lire et Raisonner\",\"description\":\"Blog f\u00e9ministe et politique\",\"publisher\":{\"@id\":\"https:\/\/liraisonner.fr\/#\/schema\/person\/03177e8a9fb0cc41bb5da4f8ecbf0b4f\"},\"potentialAction\":[{\"@type\":\"SearchAction\",\"target\":{\"@type\":\"EntryPoint\",\"urlTemplate\":\"https:\/\/liraisonner.fr\/?s={search_term_string}\"},\"query-input\":\"required name=search_term_string\"}],\"inLanguage\":\"fr-FR\"},{\"@type\":\"ImageObject\",\"@id\":\"https:\/\/liraisonner.fr\/index.php\/2019\/01\/18\/faire-leconomie-de-la-haine-essais-sur-la-censure-alain-deneault\/#primaryimage\",\"inLanguage\":\"fr-FR\",\"url\":\"http:\/\/liraisonner.fr\/wp-content\/uploads\/2019\/01\/alain_deneault_eh-e1547844673105-768x1024.jpg\",\"contentUrl\":\"http:\/\/liraisonner.fr\/wp-content\/uploads\/2019\/01\/alain_deneault_eh-e1547844673105-768x1024.jpg\"},{\"@type\":\"WebPage\",\"@id\":\"https:\/\/liraisonner.fr\/index.php\/2019\/01\/18\/faire-leconomie-de-la-haine-essais-sur-la-censure-alain-deneault\/#webpage\",\"url\":\"https:\/\/liraisonner.fr\/index.php\/2019\/01\/18\/faire-leconomie-de-la-haine-essais-sur-la-censure-alain-deneault\/\",\"name\":\"Faire l'\u00e9conomie de la haine. Essais sur la censure. Alain Deneault - Lire et Raisonner\",\"isPartOf\":{\"@id\":\"https:\/\/liraisonner.fr\/#website\"},\"primaryImageOfPage\":{\"@id\":\"https:\/\/liraisonner.fr\/index.php\/2019\/01\/18\/faire-leconomie-de-la-haine-essais-sur-la-censure-alain-deneault\/#primaryimage\"},\"datePublished\":\"2019-01-18T21:43:30+00:00\",\"dateModified\":\"2020-03-02T12:49:55+00:00\",\"breadcrumb\":{\"@id\":\"https:\/\/liraisonner.fr\/index.php\/2019\/01\/18\/faire-leconomie-de-la-haine-essais-sur-la-censure-alain-deneault\/#breadcrumb\"},\"inLanguage\":\"fr-FR\",\"potentialAction\":[{\"@type\":\"ReadAction\",\"target\":[\"https:\/\/liraisonner.fr\/index.php\/2019\/01\/18\/faire-leconomie-de-la-haine-essais-sur-la-censure-alain-deneault\/\"]}]},{\"@type\":\"BreadcrumbList\",\"@id\":\"https:\/\/liraisonner.fr\/index.php\/2019\/01\/18\/faire-leconomie-de-la-haine-essais-sur-la-censure-alain-deneault\/#breadcrumb\",\"itemListElement\":[{\"@type\":\"ListItem\",\"position\":1,\"name\":\"Accueil\",\"item\":\"https:\/\/liraisonner.fr\/\"},{\"@type\":\"ListItem\",\"position\":2,\"name\":\"Faire l&rsquo;\u00e9conomie de la haine. Essais sur la censure. Alain Deneault\"}]},{\"@type\":\"Article\",\"@id\":\"https:\/\/liraisonner.fr\/index.php\/2019\/01\/18\/faire-leconomie-de-la-haine-essais-sur-la-censure-alain-deneault\/#article\",\"isPartOf\":{\"@id\":\"https:\/\/liraisonner.fr\/index.php\/2019\/01\/18\/faire-leconomie-de-la-haine-essais-sur-la-censure-alain-deneault\/#webpage\"},\"author\":{\"@id\":\"https:\/\/liraisonner.fr\/#\/schema\/person\/03177e8a9fb0cc41bb5da4f8ecbf0b4f\"},\"headline\":\"Faire l&rsquo;\u00e9conomie de la haine. Essais sur la censure. Alain Deneault\",\"datePublished\":\"2019-01-18T21:43:30+00:00\",\"dateModified\":\"2020-03-02T12:49:55+00:00\",\"mainEntityOfPage\":{\"@id\":\"https:\/\/liraisonner.fr\/index.php\/2019\/01\/18\/faire-leconomie-de-la-haine-essais-sur-la-censure-alain-deneault\/#webpage\"},\"wordCount\":763,\"commentCount\":0,\"publisher\":{\"@id\":\"https:\/\/liraisonner.fr\/#\/schema\/person\/03177e8a9fb0cc41bb5da4f8ecbf0b4f\"},\"image\":{\"@id\":\"https:\/\/liraisonner.fr\/index.php\/2019\/01\/18\/faire-leconomie-de-la-haine-essais-sur-la-censure-alain-deneault\/#primaryimage\"},\"thumbnailUrl\":\"http:\/\/liraisonner.fr\/wp-content\/uploads\/2019\/01\/alain_deneault_eh-e1547844673105-768x1024.jpg\",\"keywords\":[\"capitalisme\",\"censure\",\"id\u00e9ologie\",\"multinationales\"],\"articleSection\":[\"Philosophie\"],\"inLanguage\":\"fr-FR\",\"potentialAction\":[{\"@type\":\"CommentAction\",\"name\":\"Comment\",\"target\":[\"https:\/\/liraisonner.fr\/index.php\/2019\/01\/18\/faire-leconomie-de-la-haine-essais-sur-la-censure-alain-deneault\/#respond\"]}]},{\"@type\":[\"Person\",\"Organization\"],\"@id\":\"https:\/\/liraisonner.fr\/#\/schema\/person\/03177e8a9fb0cc41bb5da4f8ecbf0b4f\",\"name\":\"Absynthe\",\"image\":{\"@type\":\"ImageObject\",\"@id\":\"https:\/\/liraisonner.fr\/#personlogo\",\"inLanguage\":\"fr-FR\",\"url\":\"https:\/\/secure.gravatar.com\/avatar\/406ec6809a0352eee5e93b768428eecd?s=96&d=mm&r=g\",\"contentUrl\":\"https:\/\/secure.gravatar.com\/avatar\/406ec6809a0352eee5e93b768428eecd?s=96&d=mm&r=g\",\"caption\":\"Absynthe\"},\"logo\":{\"@id\":\"https:\/\/liraisonner.fr\/#personlogo\"},\"sameAs\":[\"http:\/\/liraisonner.fr\"]}]}<\/script>\n<!-- \/ Yoast SEO plugin. -->","yoast_head_json":{"title":"Faire l'\u00e9conomie de la haine. Essais sur la censure. Alain Deneault - Lire et Raisonner","robots":{"index":"index","follow":"follow","max-snippet":"max-snippet:-1","max-image-preview":"max-image-preview:large","max-video-preview":"max-video-preview:-1"},"canonical":"https:\/\/liraisonner.fr\/index.php\/2019\/01\/18\/faire-leconomie-de-la-haine-essais-sur-la-censure-alain-deneault\/","og_locale":"fr_FR","og_type":"article","og_title":"Faire l'\u00e9conomie de la haine. Essais sur la censure. Alain Deneault - Lire et Raisonner","og_description":"Auteur, philosophe, d\u00e9couvert totalement par hasard \u00e0 la suite d\u2019une interview paru sur le site de M\u00e9diapart[1]. Je suis tr\u00e8s contente d\u2019avoir lu ces essais. La censure, l&rsquo;auto-censure Tout d&rsquo;abord, beaucoup de choses \u00e0 dire sur ce livre apr\u00e8s la lecture de celui-ci. Le th\u00e8me central du livre est la censure. Au fil de la&hellip; Poursuivre la lecture Faire l&rsquo;\u00e9conomie de la haine. Essais sur la censure. Alain Deneault","og_url":"https:\/\/liraisonner.fr\/index.php\/2019\/01\/18\/faire-leconomie-de-la-haine-essais-sur-la-censure-alain-deneault\/","og_site_name":"Lire et Raisonner","article_published_time":"2019-01-18T21:43:30+00:00","article_modified_time":"2020-03-02T12:49:55+00:00","og_image":[{"url":"http:\/\/liraisonner.fr\/wp-content\/uploads\/2019\/01\/alain_deneault_eh-e1547844673105-768x1024.jpg"}],"twitter_card":"summary_large_image","twitter_misc":{"\u00c9crit par":"Absynthe","Dur\u00e9e de lecture estim\u00e9e":"4 minutes"},"schema":{"@context":"https:\/\/schema.org","@graph":[{"@type":"WebSite","@id":"https:\/\/liraisonner.fr\/#website","url":"https:\/\/liraisonner.fr\/","name":"Lire et Raisonner","description":"Blog f\u00e9ministe et politique","publisher":{"@id":"https:\/\/liraisonner.fr\/#\/schema\/person\/03177e8a9fb0cc41bb5da4f8ecbf0b4f"},"potentialAction":[{"@type":"SearchAction","target":{"@type":"EntryPoint","urlTemplate":"https:\/\/liraisonner.fr\/?s={search_term_string}"},"query-input":"required name=search_term_string"}],"inLanguage":"fr-FR"},{"@type":"ImageObject","@id":"https:\/\/liraisonner.fr\/index.php\/2019\/01\/18\/faire-leconomie-de-la-haine-essais-sur-la-censure-alain-deneault\/#primaryimage","inLanguage":"fr-FR","url":"http:\/\/liraisonner.fr\/wp-content\/uploads\/2019\/01\/alain_deneault_eh-e1547844673105-768x1024.jpg","contentUrl":"http:\/\/liraisonner.fr\/wp-content\/uploads\/2019\/01\/alain_deneault_eh-e1547844673105-768x1024.jpg"},{"@type":"WebPage","@id":"https:\/\/liraisonner.fr\/index.php\/2019\/01\/18\/faire-leconomie-de-la-haine-essais-sur-la-censure-alain-deneault\/#webpage","url":"https:\/\/liraisonner.fr\/index.php\/2019\/01\/18\/faire-leconomie-de-la-haine-essais-sur-la-censure-alain-deneault\/","name":"Faire l'\u00e9conomie de la haine. Essais sur la censure. Alain Deneault - Lire et Raisonner","isPartOf":{"@id":"https:\/\/liraisonner.fr\/#website"},"primaryImageOfPage":{"@id":"https:\/\/liraisonner.fr\/index.php\/2019\/01\/18\/faire-leconomie-de-la-haine-essais-sur-la-censure-alain-deneault\/#primaryimage"},"datePublished":"2019-01-18T21:43:30+00:00","dateModified":"2020-03-02T12:49:55+00:00","breadcrumb":{"@id":"https:\/\/liraisonner.fr\/index.php\/2019\/01\/18\/faire-leconomie-de-la-haine-essais-sur-la-censure-alain-deneault\/#breadcrumb"},"inLanguage":"fr-FR","potentialAction":[{"@type":"ReadAction","target":["https:\/\/liraisonner.fr\/index.php\/2019\/01\/18\/faire-leconomie-de-la-haine-essais-sur-la-censure-alain-deneault\/"]}]},{"@type":"BreadcrumbList","@id":"https:\/\/liraisonner.fr\/index.php\/2019\/01\/18\/faire-leconomie-de-la-haine-essais-sur-la-censure-alain-deneault\/#breadcrumb","itemListElement":[{"@type":"ListItem","position":1,"name":"Accueil","item":"https:\/\/liraisonner.fr\/"},{"@type":"ListItem","position":2,"name":"Faire l&rsquo;\u00e9conomie de la haine. Essais sur la censure. Alain Deneault"}]},{"@type":"Article","@id":"https:\/\/liraisonner.fr\/index.php\/2019\/01\/18\/faire-leconomie-de-la-haine-essais-sur-la-censure-alain-deneault\/#article","isPartOf":{"@id":"https:\/\/liraisonner.fr\/index.php\/2019\/01\/18\/faire-leconomie-de-la-haine-essais-sur-la-censure-alain-deneault\/#webpage"},"author":{"@id":"https:\/\/liraisonner.fr\/#\/schema\/person\/03177e8a9fb0cc41bb5da4f8ecbf0b4f"},"headline":"Faire l&rsquo;\u00e9conomie de la haine. Essais sur la censure. Alain Deneault","datePublished":"2019-01-18T21:43:30+00:00","dateModified":"2020-03-02T12:49:55+00:00","mainEntityOfPage":{"@id":"https:\/\/liraisonner.fr\/index.php\/2019\/01\/18\/faire-leconomie-de-la-haine-essais-sur-la-censure-alain-deneault\/#webpage"},"wordCount":763,"commentCount":0,"publisher":{"@id":"https:\/\/liraisonner.fr\/#\/schema\/person\/03177e8a9fb0cc41bb5da4f8ecbf0b4f"},"image":{"@id":"https:\/\/liraisonner.fr\/index.php\/2019\/01\/18\/faire-leconomie-de-la-haine-essais-sur-la-censure-alain-deneault\/#primaryimage"},"thumbnailUrl":"http:\/\/liraisonner.fr\/wp-content\/uploads\/2019\/01\/alain_deneault_eh-e1547844673105-768x1024.jpg","keywords":["capitalisme","censure","id\u00e9ologie","multinationales"],"articleSection":["Philosophie"],"inLanguage":"fr-FR","potentialAction":[{"@type":"CommentAction","name":"Comment","target":["https:\/\/liraisonner.fr\/index.php\/2019\/01\/18\/faire-leconomie-de-la-haine-essais-sur-la-censure-alain-deneault\/#respond"]}]},{"@type":["Person","Organization"],"@id":"https:\/\/liraisonner.fr\/#\/schema\/person\/03177e8a9fb0cc41bb5da4f8ecbf0b4f","name":"Absynthe","image":{"@type":"ImageObject","@id":"https:\/\/liraisonner.fr\/#personlogo","inLanguage":"fr-FR","url":"https:\/\/secure.gravatar.com\/avatar\/406ec6809a0352eee5e93b768428eecd?s=96&d=mm&r=g","contentUrl":"https:\/\/secure.gravatar.com\/avatar\/406ec6809a0352eee5e93b768428eecd?s=96&d=mm&r=g","caption":"Absynthe"},"logo":{"@id":"https:\/\/liraisonner.fr\/#personlogo"},"sameAs":["http:\/\/liraisonner.fr"]}]}},"_links":{"self":[{"href":"https:\/\/liraisonner.fr\/index.php\/wp-json\/wp\/v2\/posts\/35"}],"collection":[{"href":"https:\/\/liraisonner.fr\/index.php\/wp-json\/wp\/v2\/posts"}],"about":[{"href":"https:\/\/liraisonner.fr\/index.php\/wp-json\/wp\/v2\/types\/post"}],"author":[{"embeddable":true,"href":"https:\/\/liraisonner.fr\/index.php\/wp-json\/wp\/v2\/users\/2"}],"replies":[{"embeddable":true,"href":"https:\/\/liraisonner.fr\/index.php\/wp-json\/wp\/v2\/comments?post=35"}],"version-history":[{"count":8,"href":"https:\/\/liraisonner.fr\/index.php\/wp-json\/wp\/v2\/posts\/35\/revisions"}],"predecessor-version":[{"id":137,"href":"https:\/\/liraisonner.fr\/index.php\/wp-json\/wp\/v2\/posts\/35\/revisions\/137"}],"wp:attachment":[{"href":"https:\/\/liraisonner.fr\/index.php\/wp-json\/wp\/v2\/media?parent=35"}],"wp:term":[{"taxonomy":"category","embeddable":true,"href":"https:\/\/liraisonner.fr\/index.php\/wp-json\/wp\/v2\/categories?post=35"},{"taxonomy":"post_tag","embeddable":true,"href":"https:\/\/liraisonner.fr\/index.php\/wp-json\/wp\/v2\/tags?post=35"}],"curies":[{"name":"wp","href":"https:\/\/api.w.org\/{rel}","templated":true}]}}